{"id":7882,"date":"2026-09-04T09:08:23","date_gmt":"2026-09-04T09:08:23","guid":{"rendered":"https:\/\/www.jagalcaide.com\/aire-condicionat-les-corts-professional\/"},"modified":"2026-09-04T09:08:25","modified_gmt":"2026-09-04T09:08:25","slug":"aire-condicionat-les-corts-professional","status":"publish","type":"post","link":"https:\/\/www.jagalcaide.com\/ca\/aire-condicionat-les-corts-professional\/","title":{"rendered":"Instal\u00b7laci\u00f3 d&#8217;Aire Condicionat a Les Corts: Guia Professional"},"content":{"rendered":"<p>Garantir un ambient interior \u00f2ptim durant els llargs i humits mesos d&#8217;estiu a Barcelona requereix comprendre a fons les caracter\u00edstiques singulars de l&#8217;entorn urb\u00e0. El districte de Les Corts presenta un repte t\u00e8rmic particular, on convergeixen les altes temperatures mediterr\u00e0nies amb una constant i elevada humitat relativa. A aquest factor clim\u00e0tic s&#8217;hi suma la rica i variada morfologia de les seves finques residencials, que combinen elegants edificis de tall cl\u00e0ssic amb blocs d&#8217;habitatges d&#8217;arquitectura contempor\u00e0nia. Aquesta realitat arquitect\u00f2nica exigeix projectar solucions de refrigeraci\u00f3 curosament adaptades per assegurar el m\u00e0xim rendiment, respectant sempre l&#8217;estructura i l&#8217;est\u00e8tica de les fa\u00e7anes.<\/p>\n<p>Enfront de la complexitat t\u00e8cnica que suposen aquestes instal\u00b7lacions, el coneixement especialitzat \u00e9s el factor que marca la difer\u00e8ncia en el confort diari de la llar. A JAG Alcaide ens hem consolidat com una empresa referent en el sector de la climatitzaci\u00f3 a Barcelona gr\u00e0cies als nostres m\u00e9s de 70 anys d&#8217;experi\u00e8ncia, aportant professionalitat i rigor des de la nostra fundaci\u00f3 el 1954. Aquest profund bagatge ens permet dominar les particularitats de cada edificaci\u00f3 al districte i dissenyar sistemes d&#8217;aire condicionat que responen amb precisi\u00f3 a les necessitats t\u00e8rmiques de cada espai, oferint sempre un servei d&#8217;aire condicionat a Les Corts professional i de m\u00e0xima qualitat.<\/p>\n<p>L&#8217;\u00e8xit d&#8217;una climatitzaci\u00f3 moderna no nom\u00e9s rau en la qualitat t\u00e8cnica de l&#8217;equip, sin\u00f3 en el seu \u00fas intel\u00b7ligent i sostenible. Atenent als criteris oficials de l&#8217;<a href=\"https:\/\/www.idae.es\">Instituto para la Diversificaci\u00f3n y Ahorro de la Energ\u00eda (IDAE)<\/a>, la temperatura de consigna \u00f2ptima en els sistemes de refrigeraci\u00f3 dom\u00e8stics s&#8217;ha de situar entre els 24 \u00baC i els 26 \u00baC. Ajustar els term\u00f2stats a aquests par\u00e0metres resulta indispensable per garantir una alta efici\u00e8ncia energ\u00e8tica. Amb aix\u00f2, s&#8217;aconsegueix un refredament constant i saludable que protegeix el benestar familiar, allarga la vida \u00fatil dels aparells i optimitza dr\u00e0sticament el consum el\u00e8ctric durant les onades de calor.<\/p>\n<h2>Normativa municipal per instal\u00b7lar aire condicionat a Les Corts<\/h2>\n<p>El districte de Les Corts combina finques residencials cl\u00e0ssiques, blocs d&#8217;habitatges de mitjans del segle XX i promocions modernes, un entorn on la col\u00b7locaci\u00f3 de climatitzadors exigeix respectar de forma estricta la normativa local per evitar sancions i conflictes ve\u00efnals.<\/p>\n<p>L&#8217;<strong>Ordenan\u00e7a dels Usos del Paisatge Urb\u00e0 de l&#8217;Ajuntament de Barcelona<\/strong> prohibeix de manera general ancorar les unitats exteriors a les fa\u00e7anes principals visibles des de la via p\u00fablica. Llevat que l&#8217;edifici disposi de gelosies t\u00e8cniques o espais expressament dissenyats per ocultar els compressors en la seva arquitectura original, els equips s&#8217;han d&#8217;ubicar priorit\u00e0riament al terrat comunitari o en balcons interiors sense sobresortir de la barana.<\/p>\n<p>Als celoberts interiors, la col\u00b7locaci\u00f3 \u00e9s viable sempre que es respectin les dist\u00e0ncies m\u00ednimes d&#8217;evacuaci\u00f3 d&#8217;aire calent: habitualment almenys 2 metres respecte a les finestres situades davant de la unitat i un m\u00ednim d&#8217;1 metre respecte als forats laterals, garantint una ventilaci\u00f3 fluida.<\/p>\n<p>Quan la instal\u00b7laci\u00f3 requereix travessar murs mestres o situar la maquin\u00e0ria a la coberta comuna, entra en joc la <strong>Llei de Propietat Horitzontal (LPH)<\/strong>:<\/p>\n<ul>\n<li><strong>Amb previsi\u00f3 en estatuts:<\/strong> Si la comunitat ja t\u00e9 preinstal\u00b7laci\u00f3 o autoritzacions gen\u00e8riques recollides en actes pr\u00e8vies, no se sol requerir una votaci\u00f3 addicional.<\/li>\n<li><strong>Sense regulaci\u00f3 pr\u00e8via:<\/strong> Tota alteraci\u00f3 d&#8217;elements comuns necessita sotmetre&#8217;s a votaci\u00f3 en junta ordin\u00e0ria o extraordin\u00e0ria, requerint-se el vot favorable de la majoria simple de propietaris i quotes de participaci\u00f3 (article 17.7 de la LPH).<\/li>\n<\/ul>\n<p>L&#8217;Ordenan\u00e7a de Medi Ambient de Barcelona fixa l\u00edmits estrictes per prevenir la contaminaci\u00f3 ac\u00fastica en \u00e0rees residencials denses. Durant el dia (de 7:00 a 21:00 h), el nivell de soroll transm\u00e8s a l&#8217;interior de dormitoris confrontants no ha de superar els 30 dB(A), mentre que a la nit el l\u00edmit baixa a 25 dB(A). A l&#8217;exterior, el llindar general no pot sobrepassar els 55 dB(A), la qual cosa obliga a emprar compressors amb tecnologia inverter de baix nivell sonor i suports antivibratoris amb silentblocks homologats.<\/p>\n<h2>Opcions de climatitzaci\u00f3 segons la tipologia d&#8217;habitatge<\/h2>\n<p>El parc residencial del districte de Les Corts presenta una notable diversitat arquitect\u00f2nica, des de finques cl\u00e0ssiques i blocs constru\u00efts a la segona meitat del segle XX fins a habitatges de recent edificaci\u00f3 pr\u00f2xims a la Diagonal. Aquesta varietat fa que l&#8217;elecci\u00f3 del sistema t\u00e8rmic s&#8217;hagi d&#8217;ajustar amb precisi\u00f3 a la distribuci\u00f3 i caracter\u00edstiques de cada immoble.<\/p>\n<p>En pisos convencionals on es busca condicionar zones concretes \u2014habitualment el sal\u00f3 i els dormitoris principals\u2014 sense emprendre obres de paleta complexes, els equips split o multisplit amb tecnologia inverter s\u00f3n la soluci\u00f3 m\u00e9s pr\u00e0ctica. Permeten zonificar el confort gestionant la temperatura de cada habitaci\u00f3 de forma aut\u00f2noma. Equips de primeres marques com Daikin, Mitsubishi Electric o Panasonic destaquen pels seus alts coeficients d&#8217;efici\u00e8ncia estacional (SEER) i una baixa pressi\u00f3 sonora, garantint un funcionament silenci\u00f3s fonamental per al descans.<\/p>\n<p>Per a pisos amplis, \u00e0tics o intervencions dins d&#8217;una reforma integral, la instal\u00b7laci\u00f3 d&#8217;aire condicionat per conductes ocults en fals sostre ofereix una distribuci\u00f3 homog\u00e8nia de l&#8217;aire i una est\u00e8tica neta, deixant a la vista \u00fanicament discretes graelles d&#8217;impulsi\u00f3 i retorn.<\/p>\n<p>En projectes que busquen la m\u00e0xima qualificaci\u00f3 energ\u00e8tica, els sistemes d&#8217;aerot\u00e8rmia mitjan\u00e7ant bomba de calor aire-aigua permeten cobrir la refrigeraci\u00f3 a l&#8217;estiu, la calefacci\u00f3 a l&#8217;hivern i l&#8217;aigua calenta sanit\u00e0ria amb un sol equip d&#8217;alta efici\u00e8ncia, reduint dr\u00e0sticament el consum el\u00e8ctric global.<\/p>\n<p>La pot\u00e8ncia necess\u00e0ria no dep\u00e8n \u00fanicament de la mida de l&#8217;habitatge. Tot i que com a refer\u00e8ncia base es calculen unes 100 frigories per metre quadrat en estances amb sostres est\u00e0ndard (2,50 metres), a Les Corts intervenen factors espec\u00edfics:<\/p>\n<ul>\n<li><strong>Orientaci\u00f3 i radiaci\u00f3 solar:<\/strong> Els habitatges orientats a sud o sud-oest, habituals a les avingudes amples del districte, reben una elevada c\u00e0rrega t\u00e8rmica a la tarda, exigint pujar el c\u00e0lcul a 120-130 frigories\/m\u00b2.<\/li>\n<li><strong>A\u00efllament i tancaments:<\/strong> La pres\u00e8ncia de tancaments antics sense trencament de pont t\u00e8rmic o grans finestrals incrementa les p\u00e8rdues t\u00e8rmiques.<\/li>\n<li><strong>\u00daltimes plantes i \u00e0tics:<\/strong> La radiaci\u00f3 directa sobre la coberta de l&#8217;edifici demana un sobredimensionament preventiu d&#8217;entre un 15% i un 20% per assegurar el rendiment en els pics de calor estival.<\/li>\n<\/ul>\n<h2>Preus d&#8217;instal\u00b7laci\u00f3 i reparaci\u00f3 d&#8217;aire condicionat a Barcelona<\/h2>\n<p>Calcular la inversi\u00f3 necess\u00e0ria per climatitzar un habitatge o solucionar una fallada t\u00e8cnica dep\u00e8n tant de les caracter\u00edstiques arquitect\u00f2niques de l&#8217;immoble com de l&#8217;abast de la intervenci\u00f3. Disposar de xifres de refer\u00e8ncia clares permet avaluar les opcions amb criteri abans d&#8217;emprendre qualsevol obra o arranjament.<\/p>\n<p>La <strong>instal\u00b7laci\u00f3 b\u00e0sica d&#8217;un aire condicionat split<\/strong> se situa habitualment en una forquilla de <strong>250 \u20ac a 450 \u20ac<\/strong>. Aquesta tarifa est\u00e0ndard contempla la fixaci\u00f3 de les unitats interior i exterior sobre suports amb amortidors antivibratoris, l&#8217;estesa de fins a 3 metres de l\u00ednia frigor\u00edfica a\u00efllada, la connexi\u00f3 de desgu\u00e0s per gravetat i la posada en marxa amb prova de buit reglament\u00e0ria. En projectes de major envergadura, la <strong>instal\u00b7laci\u00f3 d&#8217;un sistema de climatitzaci\u00f3 per conductes<\/strong> oscil\u00b7la entre els <strong>1.800 \u20ac i 3.600 \u20ac<\/strong>, un increment justificat per la integraci\u00f3 de la xarxa de conductes en falsos sostres, l&#8217;equilibratge de cabals i el muntatge de graelles d&#8217;impulsi\u00f3 i retorn.<\/p>\n<p>En el pla correctiu, el <strong>diagn\u00f2stic i reparaci\u00f3 d&#8217;avaria est\u00e0ndard<\/strong> es mou entre els <strong>90 \u20ac i 220 \u20ac<\/strong>. Aquest import sol cobrir actuacions habituals com la substituci\u00f3 de condensadors d&#8217;arrencada esgotats, el canvi de motors del ventilador o la localitzaci\u00f3 i segellat de fuites en abocardaments, acompanyades de la corresponent rec\u00e0rrega de gas refrigerant. Aix\u00ed mateix, el <strong>manteniment i posada a punt preventiva anual<\/strong> presenta un cost de <strong>75 \u20ac a 140 \u20ac<\/strong>, enfocat en la desinfecci\u00f3 bactericida d&#8217;evaporadors i la verificaci\u00f3 de pressions de treball.<\/p>\n<p>L&#8217;import final pot variar segons factors espec\u00edfics de l&#8217;habitatge:<\/p>\n<ul>\n<li><strong>Accessibilitat exterior:<\/strong> Fa\u00e7anes de dif\u00edcil acc\u00e9s o celoberts que requereixin bastides o treballs en al\u00e7ada.<\/li>\n<li><strong>Gesti\u00f3 de condensats:<\/strong> Necessitat d&#8217;incorporar una bomba d&#8217;evacuaci\u00f3 el\u00e8ctrica si no hi ha pendent natural cap al desgu\u00e0s.<\/li>\n<li><strong>Treballs de paleta:<\/strong> Regates en envans, obertures de registres o reposici\u00f3 de plaques de guix laminat per ocultar les canalitzacions.<\/li>\n<\/ul>\n<h2>Manteniment preventiu i avaries habituals durant l&#8217;estiu<\/h2>\n<p>Els pics de temperatura estivals sotmeten les instal\u00b7lacions de climatitzaci\u00f3 a un nivell d&#8217;estr\u00e8s continu, especialment en finques residencials amb configuracions arquitect\u00f2niques complexes. En molts habitatges de Les Corts, la ubicaci\u00f3 de les unitats exteriors en celoberts estrets representa l&#8217;origen principal de les avaries per sobreescalfament. En concentrar-se m\u00faltiples condensadores expulsant aire calent en un espai amb escassa ventilaci\u00f3, la temperatura ambiental del pati es dispara. Aquesta recirculaci\u00f3 for\u00e7ada impedeix que la m\u00e0quina dissipi la calor de manera eficient, la qual cosa provoca que el compressor assoleixi valors t\u00e8rmics cr\u00edtics i el press\u00f2stat o protector t\u00e8rmic bloquegi el sistema per seguretat en les hores centrals del dia.<\/p>\n<p>Per neutralitzar aquestes fallades i assegurar un ambient saludable dins l&#8217;habitatge, el protocol t\u00e8cnic de manteniment preventiu ha d&#8217;incloure tres actuacions essencials:<\/p>\n<ul>\n<li><strong>Higienitzaci\u00f3 i desinfecci\u00f3 de la unitat interior:<\/strong> No n&#8217;hi ha prou de nom\u00e9s espolsar els filtres d&#8217;aire. \u00c9s imprescindible aplicar tractaments bactericides homologats sobre la bateria d&#8217;intercanvi i netejar en profunditat la safata de condensats per eradicar la proliferaci\u00f3 de fongs, evitar males olors i prevenir embussos en el desgu\u00e0s que derivin en degotejos sobre parets o parquets.<\/li>\n<li><strong>Comprovaci\u00f3 de pressions i estanquitat:<\/strong> El monitoratge t\u00e8cnic de les pressions de treball del gas refrigerant assegura que el circuit no tingui microfuites, factor que for\u00e7aria el compressor a treballar per sobre del seu r\u00e8gim habitual sense arribar a refredar.<\/li>\n<li><strong>Alliberament del condensador exterior:<\/strong> La retirada meticulosa de brut\u00edcia i part\u00edcules acumulades a les aletes de la unitat exterior facilita l&#8217;intercanvi t\u00e8rmic, alleujant la c\u00e0rrega mec\u00e0nica del motor.<\/li>\n<\/ul>\n<p>El compliment d&#8217;aquest manteniment anual aporta avantatges directes: redueix el consum d&#8217;electricitat entre un 15% i un 20% en optimitzar la transfer\u00e8ncia t\u00e8rmica, i minimitza dr\u00e0sticament el risc de patir trencaments greus del compressor en plena onada de calor.<\/p>\n<p>Afrontar la climatitzaci\u00f3 d&#8217;un habitatge o local comercial en un districte tan caracter\u00edstic requereix una visi\u00f3 integral que va molt m\u00e9s enll\u00e0 de la simple col\u00b7locaci\u00f3 d&#8217;un aparell. Garantir el m\u00e0xim confort t\u00e8rmic durant els mesos de temperatures extremes passa obligat\u00f2riament per seleccionar l&#8217;equip m\u00e9s adequat, dimensionant correctament la pot\u00e8ncia frigor\u00edfica segons els metres quadrats i les necessitats espec\u00edfiques de l&#8217;immoble. Optar per sistemes d&#8217;alta efici\u00e8ncia energ\u00e8tica marca una difer\u00e8ncia notable en el consum el\u00e8ctric a mitj\u00e0 i llarg termini.<\/p>\n<p>A m\u00e9s, qualsevol intervenci\u00f3 s&#8217;ha d&#8217;executar respectant escrupolosament la normativa urban\u00edstica vigent a Barcelona. La correcta ubicaci\u00f3 de les unitats exteriors en fa\u00e7anes, celoberts, balcons i cobertes resulta determinant per preservar l&#8217;est\u00e8tica arquitect\u00f2nica i evitar expedients sancionadors. Confiar el projecte a instal\u00b7ladors certificats \u00e9s l&#8217;\u00fanica via per assegurar el compliment estricte d&#8217;aquestes normatives legals, protegir la seguretat de la instal\u00b7laci\u00f3 el\u00e8ctrica i mantenir intactes les garanties oficials del fabricant.<\/p>\n<p>Un muntatge t\u00e8cnic impecable, recolzat per un manteniment preventiu anual exhaustiu \u2014el cost habitual del qual sol situar-se entre els 75 \u20ac i els 140 \u20ac\u2014, prev\u00e9 avaries costoses, allarga la vida \u00fatil de la maquin\u00e0ria i certifica una qualitat de l&#8217;aire \u00f2ptima a l&#8217;interior de la llar o negoci.<\/p>\n<p>A JAG Alcaide posem a la seva disposici\u00f3 el nostre equip de t\u00e8cnics especialistes per materialitzar el seu projecte de climatitzaci\u00f3 amb les m\u00e0ximes garanties. L&#8217;convidem a sol\u00b7licitar un estudi t\u00e8cnic personalitzat o un pressupost detallat sense cap mena de comprom\u00eds. Asseguri el benestar del seu espai confiant en professionals que prioritzen la qualitat, l&#8217;efici\u00e8ncia i la seva total tranquil\u00b7litat.<\/p>\n<div class=\"faq-section\" style=\"margin:32px 0\">\n<h2 style=\"font-size:22px;margin-bottom:16px\">Preguntas frecuentes<\/h2>\n<details style=\"border-bottom:1px solid #e0e0e0;padding:12px 0\">\n<summary style=\"font-weight:600;cursor:pointer;font-size:16px\">&#10067; Puc instal\u00b7lar el motor de l&#8217;aire condicionat a la fa\u00e7ana del meu edifici a Les Corts?<\/summary>\n<p style=\"margin:8px 0 0 0;color:#444\">Per norma general, l&#8217;Ordenan\u00e7a de Barcelona prohibeix instal\u00b7lar unitats exteriors a les fa\u00e7anes principals visibles des del carrer. \u00c9s recomanable ubicar-les als celoberts, balcons interiors o al terrat comunitari complint amb les normatives de dist\u00e0ncia i soroll.<\/p>\n<\/details>\n<details style=\"border-bottom:1px solid #e0e0e0;padding:12px 0\">\n<summary style=\"font-weight:600;cursor:pointer;font-size:16px\">&#10067; Quant val instal\u00b7lar un aire condicionat split a Barcelona?<\/summary>\n<p style=\"margin:8px 0 0 0;color:#444\">El preu d&#8217;una instal\u00b7laci\u00f3 b\u00e0sica d&#8217;un sistema split acostuma a oscil\u00b7lar entre els 250 \u20ac i els 450 \u20ac. Aquest preu pot variar si es necessiten treballs addicionals de paleta, bombes de condensats o l&#8217;\u00fas de bastides per a zones de dif\u00edcil acc\u00e9s.<\/p>\n<\/details>\n<\/div>\n<div class=\"cta-box\" style=\"background:#f0f7ff;border-left:4px solid #0066cc;padding:20px;margin:30px 0;border-radius:4px\">\n<h3>\u00bfNecesitas ayuda profesional en Barcelona?<\/h3>\n<p>En <strong>JAG Alcaide<\/strong> te ofrecemos presupuesto sin compromiso. Nuestro equipo de profesionales est\u00e1 a tu disposici\u00f3n.<\/p>\n<p><a href=\"https:\/\/www.jagalcaide.com\/ca\/sollicitar-pressupost\/\" style=\"background:#0066cc;color:white;padding:10px 20px;text-decoration:none;border-radius:4px;display:inline-block\">Sol\u00b7licitar Pressupost Gratu\u00eft<\/a> | \ud83d\udcde <a href=\"tel:+34 616 946 678\">+34 616 946 678<\/a><\/p>\n<\/div>\n","protected":false},"excerpt":{"rendered":"<p>Garantir un ambient interior \u00f2ptim durant els llargs i humits mesos d&#8217;estiu a Barcelona requereix comprendre a fons les caracter\u00edstiques singulars de l&#8217;entorn urb\u00e0. El districte de Les Corts presenta un repte t\u00e8rmic particular, on [&hellip;]<\/p>\n","protected":false},"author":25,"featured_media":7877,"comment_status":"closed","ping_status":"open","sticky":false,"template":"","format":"standard","meta":{"_acf_changed":false,"_yoast_wpseo_focuskw":"","_yoast_wpseo_title":"Aire Condicionat Les Corts: Instal\u00b7laci\u00f3 Professional","_yoast_wpseo_metadesc":"Necessites un servei d'aire condicionat a Les Corts professional? Descobreix normatives, preus, manteniment i solucions t\u00e8cniques amb JAG Alcaide (des de 1954).","footnotes":""},"categories":[178],"tags":[],"class_list":["post-7882","post","type-post","status-publish","format-standard","has-post-thumbnail","hentry","category-climatizacion"],"acf":[],"translation_of":5220,"jag_meta_title":"Aire Condicionat Les Corts: Instal\u00b7laci\u00f3 Professional","jag_meta_desc":"Necessites un servei d'aire condicionat a Les Corts professional? Descobreix normatives, preus, manteniment i solucions t\u00e8cniques amb JAG Alcaide (des de 1954).","yoast_head":"<!-- This site is optimized with the Yoast SEO plugin v27.5 - https:\/\/yoast.com\/product\/yoast-seo-wordpress\/ -->\n<title>Aire Condicionat Les Corts: Instal\u00b7laci\u00f3 Professional<\/title>\n<meta name=\"description\" content=\"Necessites un servei d&#039;aire condicionat a Les Corts professional? Descobreix normatives, preus, manteniment i solucions t\u00e8cniques amb JAG Alcaide (des de 1954).\" \/>\n<meta name=\"robots\" content=\"index, follow, max-snippet:-1, max-image-preview:large, max-video-preview:-1\" \/>\n<link rel=\"canonical\" href=\"https:\/\/www.jagalcaide.com\/ca\/aire-condicionat-les-corts-professional\/\" \/>\n<meta property=\"og:locale\" content=\"ca_ES\" \/>\n<meta property=\"og:type\" content=\"article\" \/>\n<meta property=\"og:title\" content=\"Aire Condicionat Les Corts: Instal\u00b7laci\u00f3 Professional\" \/>\n<meta property=\"og:description\" content=\"Necessites un servei d&#039;aire condicionat a Les Corts professional? Descobreix normatives, preus, manteniment i solucions t\u00e8cniques amb JAG Alcaide (des de 1954).\" \/>\n<meta property=\"og:url\" content=\"https:\/\/www.jagalcaide.com\/ca\/aire-condicionat-les-corts-professional\/\" \/>\n<meta property=\"og:site_name\" content=\"JAG ALCAIDE \u2013 Instalaci\u00f3n, reparaci\u00f3n y mantenimiento en Barcelona\" \/>\n<meta property=\"article:published_time\" content=\"2026-09-04T09:08:23+00:00\" \/>\n<meta property=\"article:modified_time\" content=\"2026-09-04T09:08:25+00:00\" \/>\n<meta property=\"og:image\" content=\"https:\/\/www.jagalcaide.com\/wp-content\/uploads\/2026\/09\/feat-modern-air-conditioner-installation.jpg\" \/>\n\t<meta property=\"og:image:width\" content=\"1080\" \/>\n\t<meta property=\"og:image:height\" content=\"720\" \/>\n\t<meta property=\"og:image:type\" content=\"image\/jpeg\" \/>\n<meta name=\"author\" content=\"Raul Velazquez\" \/>\n<meta name=\"twitter:card\" content=\"summary_large_image\" \/>\n<meta name=\"twitter:creator\" content=\"@JAGAlcaideSL\" \/>\n<meta name=\"twitter:site\" content=\"@JAGAlcaideSL\" \/>\n<meta name=\"twitter:label1\" content=\"Escrit per\" \/>\n\t<meta name=\"twitter:data1\" content=\"Raul Velazquez\" \/>\n\t<meta name=\"twitter:label2\" content=\"Temps estimat de lectura\" \/>\n\t<meta name=\"twitter:data2\" content=\"11 minuts\" \/>\n<script type=\"application\/ld+json\" class=\"yoast-schema-graph\">{\"@context\":\"https:\\\/\\\/schema.org\",\"@graph\":[{\"@type\":\"Article\",\"@id\":\"https:\\\/\\\/www.jagalcaide.com\\\/ca\\\/aire-condicionat-les-corts-professional\\\/#article\",\"isPartOf\":{\"@id\":\"https:\\\/\\\/www.jagalcaide.com\\\/ca\\\/aire-condicionat-les-corts-professional\\\/\"},\"author\":{\"name\":\"Raul Velazquez\",\"@id\":\"https:\\\/\\\/www.jagalcaide.com\\\/ca\\\/#\\\/schema\\\/person\\\/eb81be1e846acf54a79015d674979fa4\"},\"headline\":\"Instal\u00b7laci\u00f3 d&#8217;Aire Condicionat a Les Corts: Guia Professional\",\"datePublished\":\"2026-09-04T09:08:23+00:00\",\"dateModified\":\"2026-09-04T09:08:25+00:00\",\"mainEntityOfPage\":{\"@id\":\"https:\\\/\\\/www.jagalcaide.com\\\/ca\\\/aire-condicionat-les-corts-professional\\\/\"},\"wordCount\":2237,\"publisher\":{\"@id\":\"https:\\\/\\\/www.jagalcaide.com\\\/ca\\\/#organization\"},\"image\":{\"@id\":\"https:\\\/\\\/www.jagalcaide.com\\\/ca\\\/aire-condicionat-les-corts-professional\\\/#primaryimage\"},\"thumbnailUrl\":\"https:\\\/\\\/www.jagalcaide.com\\\/wp-content\\\/uploads\\\/2026\\\/09\\\/feat-modern-air-conditioner-installation.jpg\",\"articleSection\":[\"Aire acondicionado\"],\"inLanguage\":\"ca\"},{\"@type\":\"WebPage\",\"@id\":\"https:\\\/\\\/www.jagalcaide.com\\\/ca\\\/aire-condicionat-les-corts-professional\\\/\",\"url\":\"https:\\\/\\\/www.jagalcaide.com\\\/ca\\\/aire-condicionat-les-corts-professional\\\/\",\"name\":\"Aire Condicionat Les Corts: Instal\u00b7laci\u00f3 Professional\",\"isPartOf\":{\"@id\":\"https:\\\/\\\/www.jagalcaide.com\\\/ca\\\/#website\"},\"primaryImageOfPage\":{\"@id\":\"https:\\\/\\\/www.jagalcaide.com\\\/ca\\\/aire-condicionat-les-corts-professional\\\/#primaryimage\"},\"image\":{\"@id\":\"https:\\\/\\\/www.jagalcaide.com\\\/ca\\\/aire-condicionat-les-corts-professional\\\/#primaryimage\"},\"thumbnailUrl\":\"https:\\\/\\\/www.jagalcaide.com\\\/wp-content\\\/uploads\\\/2026\\\/09\\\/feat-modern-air-conditioner-installation.jpg\",\"datePublished\":\"2026-09-04T09:08:23+00:00\",\"dateModified\":\"2026-09-04T09:08:25+00:00\",\"description\":\"Necessites un servei d'aire condicionat a Les Corts professional? Descobreix normatives, preus, manteniment i solucions t\u00e8cniques amb JAG Alcaide (des de 1954).\",\"breadcrumb\":{\"@id\":\"https:\\\/\\\/www.jagalcaide.com\\\/ca\\\/aire-condicionat-les-corts-professional\\\/#breadcrumb\"},\"inLanguage\":\"ca\",\"potentialAction\":[{\"@type\":\"ReadAction\",\"target\":[\"https:\\\/\\\/www.jagalcaide.com\\\/ca\\\/aire-condicionat-les-corts-professional\\\/\"]}]},{\"@type\":\"ImageObject\",\"inLanguage\":\"ca\",\"@id\":\"https:\\\/\\\/www.jagalcaide.com\\\/ca\\\/aire-condicionat-les-corts-professional\\\/#primaryimage\",\"url\":\"https:\\\/\\\/www.jagalcaide.com\\\/wp-content\\\/uploads\\\/2026\\\/09\\\/feat-modern-air-conditioner-installation.jpg\",\"contentUrl\":\"https:\\\/\\\/www.jagalcaide.com\\\/wp-content\\\/uploads\\\/2026\\\/09\\\/feat-modern-air-conditioner-installation.jpg\",\"width\":1080,\"height\":720,\"caption\":\"Instalaci\u00f3n de Aire Acondicionado en Les Corts, Barcelona: T\u00e9cnicos Autorizados | JAG Alcaide Barcelona\"},{\"@type\":\"BreadcrumbList\",\"@id\":\"https:\\\/\\\/www.jagalcaide.com\\\/ca\\\/aire-condicionat-les-corts-professional\\\/#breadcrumb\",\"itemListElement\":[{\"@type\":\"ListItem\",\"position\":1,\"name\":\"Portada\",\"item\":\"https:\\\/\\\/www.jagalcaide.com\\\/ca\\\/\"},{\"@type\":\"ListItem\",\"position\":2,\"name\":\"Instal\u00b7laci\u00f3 d&#8217;Aire Condicionat a Les Corts: Guia Professional\"}]},{\"@type\":\"WebSite\",\"@id\":\"https:\\\/\\\/www.jagalcaide.com\\\/ca\\\/#website\",\"url\":\"https:\\\/\\\/www.jagalcaide.com\\\/ca\\\/\",\"name\":\"JAG Alcaide - Instalaci\u00f3n y reparaci\u00f3n de Aire Acondicionado y Calderas\",\"description\":\"Otro sitio realizado con WordPress\",\"publisher\":{\"@id\":\"https:\\\/\\\/www.jagalcaide.com\\\/ca\\\/#organization\"},\"potentialAction\":[{\"@type\":\"SearchAction\",\"target\":{\"@type\":\"EntryPoint\",\"urlTemplate\":\"https:\\\/\\\/www.jagalcaide.com\\\/ca\\\/?s={search_term_string}\"},\"query-input\":{\"@type\":\"PropertyValueSpecification\",\"valueRequired\":true,\"valueName\":\"search_term_string\"}}],\"inLanguage\":\"ca\"},{\"@type\":\"Organization\",\"@id\":\"https:\\\/\\\/www.jagalcaide.com\\\/ca\\\/#organization\",\"name\":\"JAG Alcaide\",\"url\":\"https:\\\/\\\/www.jagalcaide.com\\\/ca\\\/\",\"logo\":{\"@type\":\"ImageObject\",\"inLanguage\":\"ca\",\"@id\":\"https:\\\/\\\/www.jagalcaide.com\\\/ca\\\/#\\\/schema\\\/logo\\\/image\\\/\",\"url\":\"https:\\\/\\\/www.jagalcaide.com\\\/wp-content\\\/uploads\\\/2023\\\/05\\\/logo-alcaide-gran.jpg\",\"contentUrl\":\"https:\\\/\\\/www.jagalcaide.com\\\/wp-content\\\/uploads\\\/2023\\\/05\\\/logo-alcaide-gran.jpg\",\"width\":696,\"height\":696,\"caption\":\"JAG Alcaide\"},\"image\":{\"@id\":\"https:\\\/\\\/www.jagalcaide.com\\\/ca\\\/#\\\/schema\\\/logo\\\/image\\\/\"},\"sameAs\":[\"https:\\\/\\\/x.com\\\/JAGAlcaideSL\",\"https:\\\/\\\/www.instagram.com\\\/jagalcaide\\\/\",\"https:\\\/\\\/www.linkedin.com\\\/company\\\/j-a-g-alcaide-s-l-\"]},{\"@type\":\"Person\",\"@id\":\"https:\\\/\\\/www.jagalcaide.com\\\/ca\\\/#\\\/schema\\\/person\\\/eb81be1e846acf54a79015d674979fa4\",\"name\":\"Raul Velazquez\",\"image\":{\"@type\":\"ImageObject\",\"inLanguage\":\"ca\",\"@id\":\"https:\\\/\\\/secure.gravatar.com\\\/avatar\\\/c1d39a6d7db56fa657e68f0e097b306e3d77c1abf633faa532a3c5ac95db701b?s=96&d=mm&r=g\",\"url\":\"https:\\\/\\\/secure.gravatar.com\\\/avatar\\\/c1d39a6d7db56fa657e68f0e097b306e3d77c1abf633faa532a3c5ac95db701b?s=96&d=mm&r=g\",\"contentUrl\":\"https:\\\/\\\/secure.gravatar.com\\\/avatar\\\/c1d39a6d7db56fa657e68f0e097b306e3d77c1abf633faa532a3c5ac95db701b?s=96&d=mm&r=g\",\"caption\":\"Raul Velazquez\"},\"url\":\"https:\\\/\\\/www.jagalcaide.com\\\/ca\\\/author\\\/raul\\\/\"}]}<\/script>\n<!-- \/ Yoast SEO plugin. -->","yoast_head_json":{"title":"Aire Condicionat Les Corts: Instal\u00b7laci\u00f3 Professional","description":"Necessites un servei d'aire condicionat a Les Corts professional? Descobreix normatives, preus, manteniment i solucions t\u00e8cniques amb JAG Alcaide (des de 1954).","robots":{"index":"index","follow":"follow","max-snippet":"max-snippet:-1","max-image-preview":"max-image-preview:large","max-video-preview":"max-video-preview:-1"},"canonical":"https:\/\/www.jagalcaide.com\/ca\/aire-condicionat-les-corts-professional\/","og_locale":"ca_ES","og_type":"article","og_title":"Aire Condicionat Les Corts: Instal\u00b7laci\u00f3 Professional","og_description":"Necessites un servei d'aire condicionat a Les Corts professional? Descobreix normatives, preus, manteniment i solucions t\u00e8cniques amb JAG Alcaide (des de 1954).","og_url":"https:\/\/www.jagalcaide.com\/ca\/aire-condicionat-les-corts-professional\/","og_site_name":"JAG ALCAIDE \u2013 Instalaci\u00f3n, reparaci\u00f3n y mantenimiento en Barcelona","article_published_time":"2026-09-04T09:08:23+00:00","article_modified_time":"2026-09-04T09:08:25+00:00","og_image":[{"width":1080,"height":720,"url":"https:\/\/www.jagalcaide.com\/wp-content\/uploads\/2026\/09\/feat-modern-air-conditioner-installation.jpg","type":"image\/jpeg"}],"author":"Raul Velazquez","twitter_card":"summary_large_image","twitter_creator":"@JAGAlcaideSL","twitter_site":"@JAGAlcaideSL","twitter_misc":{"Escrit per":"Raul Velazquez","Temps estimat de lectura":"11 minuts"},"schema":{"@context":"https:\/\/schema.org","@graph":[{"@type":"Article","@id":"https:\/\/www.jagalcaide.com\/ca\/aire-condicionat-les-corts-professional\/#article","isPartOf":{"@id":"https:\/\/www.jagalcaide.com\/ca\/aire-condicionat-les-corts-professional\/"},"author":{"name":"Raul Velazquez","@id":"https:\/\/www.jagalcaide.com\/ca\/#\/schema\/person\/eb81be1e846acf54a79015d674979fa4"},"headline":"Instal\u00b7laci\u00f3 d&#8217;Aire Condicionat a Les Corts: Guia Professional","datePublished":"2026-09-04T09:08:23+00:00","dateModified":"2026-09-04T09:08:25+00:00","mainEntityOfPage":{"@id":"https:\/\/www.jagalcaide.com\/ca\/aire-condicionat-les-corts-professional\/"},"wordCount":2237,"publisher":{"@id":"https:\/\/www.jagalcaide.com\/ca\/#organization"},"image":{"@id":"https:\/\/www.jagalcaide.com\/ca\/aire-condicionat-les-corts-professional\/#primaryimage"},"thumbnailUrl":"https:\/\/www.jagalcaide.com\/wp-content\/uploads\/2026\/09\/feat-modern-air-conditioner-installation.jpg","articleSection":["Aire acondicionado"],"inLanguage":"ca"},{"@type":"WebPage","@id":"https:\/\/www.jagalcaide.com\/ca\/aire-condicionat-les-corts-professional\/","url":"https:\/\/www.jagalcaide.com\/ca\/aire-condicionat-les-corts-professional\/","name":"Aire Condicionat Les Corts: Instal\u00b7laci\u00f3 Professional","isPartOf":{"@id":"https:\/\/www.jagalcaide.com\/ca\/#website"},"primaryImageOfPage":{"@id":"https:\/\/www.jagalcaide.com\/ca\/aire-condicionat-les-corts-professional\/#primaryimage"},"image":{"@id":"https:\/\/www.jagalcaide.com\/ca\/aire-condicionat-les-corts-professional\/#primaryimage"},"thumbnailUrl":"https:\/\/www.jagalcaide.com\/wp-content\/uploads\/2026\/09\/feat-modern-air-conditioner-installation.jpg","datePublished":"2026-09-04T09:08:23+00:00","dateModified":"2026-09-04T09:08:25+00:00","description":"Necessites un servei d'aire condicionat a Les Corts professional? Descobreix normatives, preus, manteniment i solucions t\u00e8cniques amb JAG Alcaide (des de 1954).","breadcrumb":{"@id":"https:\/\/www.jagalcaide.com\/ca\/aire-condicionat-les-corts-professional\/#breadcrumb"},"inLanguage":"ca","potentialAction":[{"@type":"ReadAction","target":["https:\/\/www.jagalcaide.com\/ca\/aire-condicionat-les-corts-professional\/"]}]},{"@type":"ImageObject","inLanguage":"ca","@id":"https:\/\/www.jagalcaide.com\/ca\/aire-condicionat-les-corts-professional\/#primaryimage","url":"https:\/\/www.jagalcaide.com\/wp-content\/uploads\/2026\/09\/feat-modern-air-conditioner-installation.jpg","contentUrl":"https:\/\/www.jagalcaide.com\/wp-content\/uploads\/2026\/09\/feat-modern-air-conditioner-installation.jpg","width":1080,"height":720,"caption":"Instalaci\u00f3n de Aire Acondicionado en Les Corts, Barcelona: T\u00e9cnicos Autorizados | JAG Alcaide Barcelona"},{"@type":"BreadcrumbList","@id":"https:\/\/www.jagalcaide.com\/ca\/aire-condicionat-les-corts-professional\/#breadcrumb","itemListElement":[{"@type":"ListItem","position":1,"name":"Portada","item":"https:\/\/www.jagalcaide.com\/ca\/"},{"@type":"ListItem","position":2,"name":"Instal\u00b7laci\u00f3 d&#8217;Aire Condicionat a Les Corts: Guia Professional"}]},{"@type":"WebSite","@id":"https:\/\/www.jagalcaide.com\/ca\/#website","url":"https:\/\/www.jagalcaide.com\/ca\/","name":"JAG Alcaide - Instalaci\u00f3n y reparaci\u00f3n de Aire Acondicionado y Calderas","description":"Otro sitio realizado con WordPress","publisher":{"@id":"https:\/\/www.jagalcaide.com\/ca\/#organization"},"potentialAction":[{"@type":"SearchAction","target":{"@type":"EntryPoint","urlTemplate":"https:\/\/www.jagalcaide.com\/ca\/?s={search_term_string}"},"query-input":{"@type":"PropertyValueSpecification","valueRequired":true,"valueName":"search_term_string"}}],"inLanguage":"ca"},{"@type":"Organization","@id":"https:\/\/www.jagalcaide.com\/ca\/#organization","name":"JAG Alcaide","url":"https:\/\/www.jagalcaide.com\/ca\/","logo":{"@type":"ImageObject","inLanguage":"ca","@id":"https:\/\/www.jagalcaide.com\/ca\/#\/schema\/logo\/image\/","url":"https:\/\/www.jagalcaide.com\/wp-content\/uploads\/2023\/05\/logo-alcaide-gran.jpg","contentUrl":"https:\/\/www.jagalcaide.com\/wp-content\/uploads\/2023\/05\/logo-alcaide-gran.jpg","width":696,"height":696,"caption":"JAG Alcaide"},"image":{"@id":"https:\/\/www.jagalcaide.com\/ca\/#\/schema\/logo\/image\/"},"sameAs":["https:\/\/x.com\/JAGAlcaideSL","https:\/\/www.instagram.com\/jagalcaide\/","https:\/\/www.linkedin.com\/company\/j-a-g-alcaide-s-l-"]},{"@type":"Person","@id":"https:\/\/www.jagalcaide.com\/ca\/#\/schema\/person\/eb81be1e846acf54a79015d674979fa4","name":"Raul Velazquez","image":{"@type":"ImageObject","inLanguage":"ca","@id":"https:\/\/secure.gravatar.com\/avatar\/c1d39a6d7db56fa657e68f0e097b306e3d77c1abf633faa532a3c5ac95db701b?s=96&d=mm&r=g","url":"https:\/\/secure.gravatar.com\/avatar\/c1d39a6d7db56fa657e68f0e097b306e3d77c1abf633faa532a3c5ac95db701b?s=96&d=mm&r=g","contentUrl":"https:\/\/secure.gravatar.com\/avatar\/c1d39a6d7db56fa657e68f0e097b306e3d77c1abf633faa532a3c5ac95db701b?s=96&d=mm&r=g","caption":"Raul Velazquez"},"url":"https:\/\/www.jagalcaide.com\/ca\/author\/raul\/"}]}},"wpml_current_locale":"ca","wpml_translations":{"en_US":{"locale":"en_US","id":7884,"slug":"professional-air-conditioning-les-corts-barcelona","post_title":"Professional Air Conditioning Installation in Les Corts, Barcelona","href":"https:\/\/www.jagalcaide.com\/en\/professional-air-conditioning-les-corts-barcelona\/"},"es_ES":{"locale":"es_ES","id":7880,"slug":"aire-acondicionado-les-corts-profesional","post_title":"Instalaci\u00f3n de Aire Acondicionado en Les Corts, Barcelona: T\u00e9cnicos Autorizados","href":"https:\/\/www.jagalcaide.com\/aire-acondicionado-les-corts-profesional\/"}},"_links":{"self":[{"href":"https:\/\/www.jagalcaide.com\/ca\/wp-json\/wp\/v2\/posts\/7882","targetHints":{"allow":["GET"]}}],"collection":[{"href":"https:\/\/www.jagalcaide.com\/ca\/wp-json\/wp\/v2\/posts"}],"about":[{"href":"https:\/\/www.jagalcaide.com\/ca\/wp-json\/wp\/v2\/types\/post"}],"author":[{"embeddable":true,"href":"https:\/\/www.jagalcaide.com\/ca\/wp-json\/wp\/v2\/users\/25"}],"replies":[{"embeddable":true,"href":"https:\/\/www.jagalcaide.com\/ca\/wp-json\/wp\/v2\/comments?post=7882"}],"version-history":[{"count":1,"href":"https:\/\/www.jagalcaide.com\/ca\/wp-json\/wp\/v2\/posts\/7882\/revisions"}],"predecessor-version":[{"id":7883,"href":"https:\/\/www.jagalcaide.com\/ca\/wp-json\/wp\/v2\/posts\/7882\/revisions\/7883"}],"wp:featuredmedia":[{"embeddable":true,"href":"https:\/\/www.jagalcaide.com\/ca\/wp-json\/wp\/v2\/media\/7877"}],"wp:attachment":[{"href":"https:\/\/www.jagalcaide.com\/ca\/wp-json\/wp\/v2\/media?parent=7882"}],"wp:term":[{"taxonomy":"category","embeddable":true,"href":"https:\/\/www.jagalcaide.com\/ca\/wp-json\/wp\/v2\/categories?post=7882"},{"taxonomy":"post_tag","embeddable":true,"href":"https:\/\/www.jagalcaide.com\/ca\/wp-json\/wp\/v2\/tags?post=7882"}],"curies":[{"name":"wp","href":"https:\/\/api.w.org\/{rel}","templated":true}]}}