{"id":7884,"date":"2026-09-04T09:08:35","date_gmt":"2026-09-04T09:08:35","guid":{"rendered":"https:\/\/www.jagalcaide.com\/professional-air-conditioning-les-corts-barcelona\/"},"modified":"2026-09-04T09:08:38","modified_gmt":"2026-09-04T09:08:38","slug":"professional-air-conditioning-les-corts-barcelona","status":"publish","type":"post","link":"https:\/\/www.jagalcaide.com\/en\/professional-air-conditioning-les-corts-barcelona\/","title":{"rendered":"Professional Air Conditioning Installation in Les Corts, Barcelona"},"content":{"rendered":"<p>Ensuring an optimal indoor environment during the long, humid summer months in Barcelona requires a thorough understanding of the unique characteristics of the urban setting. The Les Corts district presents a particular thermal challenge, where high Mediterranean temperatures converge with constant, high relative humidity. Added to this climatic factor is the rich and varied morphology of its residential properties, which combine elegant classic buildings with contemporary architectural apartment blocks. This architectural reality demands that cooling solutions be carefully designed to ensure maximum performance, always respecting the structure and aesthetics of the facades.<\/p>\n<p>Faced with the technical complexity that these installations entail, specialised knowledge is the factor that makes the difference in daily home comfort. At JAG Alcaide, we have established ourselves as a benchmark company in the HVAC sector in Barcelona thanks to our over 70 years of experience, providing professionalism and rigour since our foundation in 1954. This profound background allows us to master the particularities of each building in the district and design air conditioning systems that respond precisely to the thermal needs of every space.<\/p>\n<p>The success of modern climate control lies not only in the technical quality of the equipment but in its intelligent and sustainable use. Following the official guidelines of the <a href=\"https:\/\/www.idae.es\">Institute for the Diversification and Saving of Energy (IDAE)<\/a>, the optimum setpoint temperature for domestic cooling systems should be between 24 \u00baC and 26 \u00baC. Adjusting thermostats to these parameters is essential to guarantee high energy efficiency. This achieves constant and healthy cooling that protects family well-being, extends the lifespan of the appliances, and drastically optimises electricity consumption during heatwaves.<\/p>\n<h2>Municipal regulations for installing air conditioning in Les Corts<\/h2>\n<p>The Les Corts district combines classic residential estates, mid-20th-century apartment blocks, and modern developments\u2014an environment where fitting air conditioners requires strict compliance with local regulations to avoid fines and disputes with neighbours.<\/p>\n<p>The <strong>Barcelona City Council&#8217;s Urban Landscape Use Ordinance<\/strong> generally prohibits anchoring outdoor units on main facades visible from the public street. Unless the building has technical louvres or spaces expressly designed to hide compressors in its original architecture, the units must ideally be located on the communal roof terrace or interior balconies without protruding beyond the railing.<\/p>\n<p>In interior light wells, installation is viable provided the minimum hot air evacuation distances are respected: usually at least 2 metres from windows facing the unit and a minimum of 1 metre from side openings, ensuring fluid ventilation.<\/p>\n<p>When the installation requires drilling through load-bearing walls or placing machinery on the common roof, the <strong>Horizontal Property Law (LPH)<\/strong> comes into play:<\/p>\n<ul>\n<li><strong>With provision in statutes:<\/strong> If the community already has a pre-installation or generic authorisations recorded in previous minutes, an additional vote is not usually required.<\/li>\n<li><strong>Without prior regulation:<\/strong> Any alteration to common elements must be put to a vote at an ordinary or extraordinary meeting, requiring a simple majority of favourable votes from owners and participation quotas (Article 17.7 of the LPH).<\/li>\n<\/ul>\n<p>Barcelona&#8217;s Environmental Ordinance sets strict limits to prevent noise pollution in dense residential areas. During the day (from 7:00 am to 9:00 pm), the noise level transmitted to adjoining bedrooms must not exceed 30 dB(A), while at night the limit drops to 25 dB(A). Outdoors, the general threshold cannot exceed 55 dB(A), which dictates the use of compressors with low-noise inverter technology and anti-vibration mounts with approved silent blocks.<\/p>\n<h2>Air conditioning options according to property type<\/h2>\n<p>The residential housing stock in the Les Corts district boasts notable architectural diversity, from classic buildings and blocks constructed in the second half of the 20th century to recently built properties near Diagonal. This variety means that the choice of thermal system must be precisely tailored to the layout and characteristics of each property.<\/p>\n<p>In conventional flats where the aim is to condition specific areas\u2014usually the living room and main bedrooms\u2014without undertaking complex building work, split or multi-split units with inverter technology are the most practical solution. They allow you to zone comfort by managing the temperature of each room independently. Top-tier brands like Daikin, Mitsubishi Electric, or Panasonic stand out for their high seasonal energy efficiency ratios (SEER) and low sound pressure, guaranteeing the quiet operation essential for a good night&#8217;s rest.<\/p>\n<p>For spacious apartments, penthouses, or installations as part of a comprehensive renovation, installing ducted air conditioning hidden in a false ceiling offers an even distribution of air and a clean aesthetic, leaving only discreet supply and return grilles visible.<\/p>\n<p>For projects seeking the highest energy rating, aerothermal systems using an air-to-water heat pump can cover summer cooling, winter heating, and domestic hot water with a single, highly efficient unit, drastically reducing overall electricity consumption.<\/p>\n<p>The required capacity does not depend solely on the size of the home. Although a baseline of 100 frigories per square metre is calculated for rooms with standard ceilings (2.50 metres), specific factors come into play in Les Corts:<\/p>\n<ul>\n<li><strong>Orientation and solar radiation:<\/strong> South or southwest-facing homes, common on the district&#8217;s wide avenues, receive a high thermal load in the afternoon, requiring the calculation to be increased to 120-130 frigories\/m\u00b2.<\/li>\n<li><strong>Insulation and joinery:<\/strong> The presence of old window frames without thermal breaks or large windows increases heat loss.<\/li>\n<li><strong>Top floors and penthouses:<\/strong> Direct radiation on the building&#8217;s roof demands a preventive oversizing of between 15% and 20% to ensure performance during summer heat peaks.<\/li>\n<\/ul>\n<h2>Air conditioning installation and repair prices in Barcelona<\/h2>\n<p>Calculating the investment required to air-condition a home or fix a technical fault depends on both the architectural characteristics of the property and the scope of the work. Having clear reference figures allows you to evaluate your options soundly before undertaking any building work or repair.<\/p>\n<p>The <strong>basic installation of a split air conditioner<\/strong> usually falls within a range of <strong>\u20ac250 to \u20ac450<\/strong>. This standard rate covers the fixing of the indoor and outdoor units on brackets with anti-vibration dampers, laying up to 3 metres of insulated refrigerant line, gravity drainage connection, and commissioning with the statutory vacuum test. For larger-scale projects, the <strong>installation of a ducted air conditioning system<\/strong> ranges between <strong>\u20ac1,800 and \u20ac3,600<\/strong>, an increase justified by the integration of the duct network in false ceilings, airflow balancing, and the fitting of supply and return grilles.<\/p>\n<p>On the corrective side, <strong>standard fault diagnosis and repair<\/strong> costs between <strong>\u20ac90 and \u20ac220<\/strong>. This amount typically covers common tasks such as replacing depleted start capacitors, changing fan motors, or locating and sealing leaks in flares, accompanied by the corresponding refrigerant gas recharge. Likewise, <strong>annual preventive maintenance and tune-up<\/strong> has a cost of <strong>\u20ac75 to \u20ac140<\/strong>, focusing on the bactericidal disinfection of evaporators and checking operating pressures.<\/p>\n<p>The final amount may vary depending on property-specific factors:<\/p>\n<ul>\n<li><strong>External accessibility:<\/strong> Hard-to-reach facades or interior courtyards requiring scaffolding or working at height.<\/li>\n<li><strong>Condensate management:<\/strong> The need to fit an electric condensate pump if there is no natural fall to the drain.<\/li>\n<li><strong>Builders&#8217; work:<\/strong> Chasing walls, opening access panels, or replacing plasterboard to hide piping.<\/li>\n<\/ul>\n<h2>Preventive maintenance and common breakdowns during summer<\/h2>\n<p>Summer temperature peaks subject HVAC installations to continuous stress, especially in residential buildings with complex architectural configurations. In many Les Corts homes, locating outdoor units in narrow light wells is the main cause of overheating breakdowns. When multiple condensers are concentrated, expelling hot air in a poorly ventilated space, the courtyard&#8217;s ambient temperature skyrockets. This forced recirculation prevents the machine from dissipating heat efficiently, causing the compressor to reach critical thermal values and the pressure switch or thermal protector to lock the system for safety during the hottest hours of the day.<\/p>\n<p>To neutralise these faults and ensure a healthy environment inside the home, the technical preventive maintenance protocol must include three essential actions:<\/p>\n<ul>\n<li><strong>Sanitisation and disinfection of the indoor unit:<\/strong> Shaking out the air filters is not enough. It is essential to apply approved bactericidal treatments to the heat exchanger coil and deeply clean the condensate tray to eradicate fungal growth, prevent bad odours, and avoid drain blockages that lead to dripping on walls or parquet floors.<\/li>\n<li><strong>Pressure and leak testing:<\/strong> Technical monitoring of the refrigerant gas operating pressures ensures the circuit has no micro-leaks\u2014a factor that would force the compressor to work beyond its usual capacity without actually cooling.<\/li>\n<li><strong>Clearing the outdoor condenser:<\/strong> Carefully removing dirt and debris accumulated on the outdoor unit&#8217;s fins facilitates heat exchange, relieving the motor&#8217;s mechanical load.<\/li>\n<\/ul>\n<p>Complying with this annual maintenance provides direct benefits: it reduces electricity consumption by between 15% and 20% by optimising thermal transfer, and drastically minimises the risk of suffering severe compressor failures in the middle of a heatwave.<\/p>\n<p>Tackling the climate control of a home or commercial premises in such a characteristic district requires a comprehensive approach that goes far beyond simply plugging in an appliance. Guaranteeing maximum thermal comfort during the months of extreme temperatures obligatorily involves selecting the most suitable equipment, correctly sizing the cooling capacity according to the square metres and specific needs of the property. Opting for highly energy-efficient systems makes a noticeable difference to electricity consumption in the medium and long term.<\/p>\n<p>Furthermore, any work must be executed in strict compliance with Barcelona&#8217;s current urban planning regulations. The correct placement of outdoor units on facades, interior courtyards, balconies, and roofs is crucial for preserving the architectural aesthetics and avoiding disciplinary proceedings. Entrusting your project to certified installers is the only way to ensure strict adherence to these legal regulations, protect the safety of the electrical installation, and keep the manufacturer&#8217;s official warranties intact.<\/p>\n<p>Flawless technical assembly, backed by exhaustive annual preventive maintenance\u2014whose usual cost is typically between \u20ac75 and \u20ac140\u2014prevents expensive breakdowns, extends the machinery&#8217;s lifespan, and guarantees optimal air quality inside your home or business.<\/p>\n<p>At JAG Alcaide, we place our team of specialist technicians at your disposal to bring your air conditioning project to life with the maximum guarantees. We invite you to request a personalised technical study or a detailed quote without any obligation. Secure the well-being of your space by trusting professionals who prioritise quality, efficiency, and your complete peace of mind.<\/p>\n<div class=\"faq-section\" style=\"margin:32px 0\">\n<h2 style=\"font-size:22px;margin-bottom:16px\">Preguntas frecuentes<\/h2>\n<details style=\"border-bottom:1px solid #e0e0e0;padding:12px 0\">\n<summary style=\"font-weight:600;cursor:pointer;font-size:16px\">&#10067; Do I need community permission to install air conditioning in Les Corts?<\/summary>\n<p style=\"margin:8px 0 0 0;color:#444\">If the installation alters common areas like facades or the communal roof, and isn&#8217;t pre-approved in the community statutes, you will need a simple majority vote under the Horizontal Property Law (LPH).<\/p>\n<\/details>\n<details style=\"border-bottom:1px solid #e0e0e0;padding:12px 0\">\n<summary style=\"font-weight:600;cursor:pointer;font-size:16px\">&#10067; What is the ideal temperature for my air conditioning in Barcelona?<\/summary>\n<p style=\"margin:8px 0 0 0;color:#444\">According to the IDAE, the optimal cooling temperature for homes is between 24\u00baC and 26\u00baC. This ensures high energy efficiency, reduces consumption, and protects your health during the summer.<\/p>\n<\/details>\n<\/div>\n<div class=\"cta-box\" style=\"background:#f0f7ff;border-left:4px solid #0066cc;padding:20px;margin:30px 0;border-radius:4px\">\n<h3>\u00bfNecesitas ayuda profesional en Barcelona?<\/h3>\n<p>En <strong>JAG Alcaide<\/strong> te ofrecemos presupuesto sin compromiso. Nuestro equipo de profesionales est\u00e1 a tu disposici\u00f3n.<\/p>\n<p><a href=\"https:\/\/www.jagalcaide.com\/en\/ask-for-a-budget\/\" style=\"background:#0066cc;color:white;padding:10px 20px;text-decoration:none;border-radius:4px;display:inline-block\">Request a Free Quote<\/a> | \ud83d\udcde <a href=\"tel:+34 616 946 678\">+34 616 946 678<\/a><\/p>\n<\/div>\n","protected":false},"excerpt":{"rendered":"<p>Ensuring an optimal indoor environment during the long, humid summer months in Barcelona requires a thorough understanding of the unique characteristics of the urban setting. The Les Corts district presents a particular thermal challenge, where [&hellip;]<\/p>\n","protected":false},"author":25,"featured_media":7877,"comment_status":"closed","ping_status":"open","sticky":false,"template":"","format":"standard","meta":{"_acf_changed":false,"_yoast_wpseo_focuskw":"","_yoast_wpseo_title":"Professional Air Conditioning Les Corts | JAG Alcaide","_yoast_wpseo_metadesc":"Need professional air conditioning in Les Corts, Barcelona? JAG Alcaide offers expert HVAC installation, repairs, and maintenance. Get a free quote today!","footnotes":""},"categories":[178],"tags":[],"class_list":["post-7884","post","type-post","status-publish","format-standard","has-post-thumbnail","hentry","category-climatizacion"],"acf":[],"translation_of":5220,"jag_meta_title":"Professional Air Conditioning Les Corts | JAG Alcaide","jag_meta_desc":"Need professional air conditioning in Les Corts, Barcelona? JAG Alcaide offers expert HVAC installation, repairs, and maintenance. Get a free quote today!","yoast_head":"<!-- This site is optimized with the Yoast SEO plugin v27.5 - https:\/\/yoast.com\/product\/yoast-seo-wordpress\/ -->\n<title>Professional Air Conditioning Les Corts | JAG Alcaide<\/title>\n<meta name=\"description\" content=\"Need professional air conditioning in Les Corts, Barcelona? JAG Alcaide offers expert HVAC installation, repairs, and maintenance. Get a free quote today!\" \/>\n<meta name=\"robots\" content=\"index, follow, max-snippet:-1, max-image-preview:large, max-video-preview:-1\" \/>\n<link rel=\"canonical\" href=\"https:\/\/www.jagalcaide.com\/en\/professional-air-conditioning-les-corts-barcelona\/\" \/>\n<meta property=\"og:locale\" content=\"en_US\" \/>\n<meta property=\"og:type\" content=\"article\" \/>\n<meta property=\"og:title\" content=\"Professional Air Conditioning Les Corts | JAG Alcaide\" \/>\n<meta property=\"og:description\" content=\"Need professional air conditioning in Les Corts, Barcelona? JAG Alcaide offers expert HVAC installation, repairs, and maintenance. Get a free quote today!\" \/>\n<meta property=\"og:url\" content=\"https:\/\/www.jagalcaide.com\/en\/professional-air-conditioning-les-corts-barcelona\/\" \/>\n<meta property=\"og:site_name\" content=\"JAG Alcaide \u2013 Instalaci\u00f3n, reparaci\u00f3n y mantenimiento en Barcelona\" \/>\n<meta property=\"article:published_time\" content=\"2026-09-04T09:08:35+00:00\" \/>\n<meta property=\"article:modified_time\" content=\"2026-09-04T09:08:38+00:00\" \/>\n<meta property=\"og:image\" content=\"https:\/\/www.jagalcaide.com\/wp-content\/uploads\/2026\/09\/feat-modern-air-conditioner-installation.jpg\" \/>\n\t<meta property=\"og:image:width\" content=\"1080\" \/>\n\t<meta property=\"og:image:height\" content=\"720\" \/>\n\t<meta property=\"og:image:type\" content=\"image\/jpeg\" \/>\n<meta name=\"author\" content=\"Raul Velazquez\" \/>\n<meta name=\"twitter:card\" content=\"summary_large_image\" \/>\n<meta name=\"twitter:creator\" content=\"@JAGAlcaideSL\" \/>\n<meta name=\"twitter:site\" content=\"@JAGAlcaideSL\" \/>\n<meta name=\"twitter:label1\" content=\"Written by\" \/>\n\t<meta name=\"twitter:data1\" content=\"Raul Velazquez\" \/>\n\t<meta name=\"twitter:label2\" content=\"Est. reading time\" \/>\n\t<meta name=\"twitter:data2\" content=\"9 minutes\" \/>\n<script type=\"application\/ld+json\" class=\"yoast-schema-graph\">{\"@context\":\"https:\\\/\\\/schema.org\",\"@graph\":[{\"@type\":\"Article\",\"@id\":\"https:\\\/\\\/www.jagalcaide.com\\\/en\\\/professional-air-conditioning-les-corts-barcelona\\\/#article\",\"isPartOf\":{\"@id\":\"https:\\\/\\\/www.jagalcaide.com\\\/en\\\/professional-air-conditioning-les-corts-barcelona\\\/\"},\"author\":{\"name\":\"Raul Velazquez\",\"@id\":\"https:\\\/\\\/www.jagalcaide.com\\\/en\\\/#\\\/schema\\\/person\\\/eb81be1e846acf54a79015d674979fa4\"},\"headline\":\"Professional Air Conditioning Installation in Les Corts, Barcelona\",\"datePublished\":\"2026-09-04T09:08:35+00:00\",\"dateModified\":\"2026-09-04T09:08:38+00:00\",\"mainEntityOfPage\":{\"@id\":\"https:\\\/\\\/www.jagalcaide.com\\\/en\\\/professional-air-conditioning-les-corts-barcelona\\\/\"},\"wordCount\":1777,\"publisher\":{\"@id\":\"https:\\\/\\\/www.jagalcaide.com\\\/en\\\/#organization\"},\"image\":{\"@id\":\"https:\\\/\\\/www.jagalcaide.com\\\/en\\\/professional-air-conditioning-les-corts-barcelona\\\/#primaryimage\"},\"thumbnailUrl\":\"https:\\\/\\\/www.jagalcaide.com\\\/wp-content\\\/uploads\\\/2026\\\/09\\\/feat-modern-air-conditioner-installation.jpg\",\"articleSection\":[\"Aire acondicionado\"],\"inLanguage\":\"en-US\"},{\"@type\":\"WebPage\",\"@id\":\"https:\\\/\\\/www.jagalcaide.com\\\/en\\\/professional-air-conditioning-les-corts-barcelona\\\/\",\"url\":\"https:\\\/\\\/www.jagalcaide.com\\\/en\\\/professional-air-conditioning-les-corts-barcelona\\\/\",\"name\":\"Professional Air Conditioning Les Corts | JAG Alcaide\",\"isPartOf\":{\"@id\":\"https:\\\/\\\/www.jagalcaide.com\\\/en\\\/#website\"},\"primaryImageOfPage\":{\"@id\":\"https:\\\/\\\/www.jagalcaide.com\\\/en\\\/professional-air-conditioning-les-corts-barcelona\\\/#primaryimage\"},\"image\":{\"@id\":\"https:\\\/\\\/www.jagalcaide.com\\\/en\\\/professional-air-conditioning-les-corts-barcelona\\\/#primaryimage\"},\"thumbnailUrl\":\"https:\\\/\\\/www.jagalcaide.com\\\/wp-content\\\/uploads\\\/2026\\\/09\\\/feat-modern-air-conditioner-installation.jpg\",\"datePublished\":\"2026-09-04T09:08:35+00:00\",\"dateModified\":\"2026-09-04T09:08:38+00:00\",\"description\":\"Need professional air conditioning in Les Corts, Barcelona? JAG Alcaide offers expert HVAC installation, repairs, and maintenance. Get a free quote today!\",\"breadcrumb\":{\"@id\":\"https:\\\/\\\/www.jagalcaide.com\\\/en\\\/professional-air-conditioning-les-corts-barcelona\\\/#breadcrumb\"},\"inLanguage\":\"en-US\",\"potentialAction\":[{\"@type\":\"ReadAction\",\"target\":[\"https:\\\/\\\/www.jagalcaide.com\\\/en\\\/professional-air-conditioning-les-corts-barcelona\\\/\"]}]},{\"@type\":\"ImageObject\",\"inLanguage\":\"en-US\",\"@id\":\"https:\\\/\\\/www.jagalcaide.com\\\/en\\\/professional-air-conditioning-les-corts-barcelona\\\/#primaryimage\",\"url\":\"https:\\\/\\\/www.jagalcaide.com\\\/wp-content\\\/uploads\\\/2026\\\/09\\\/feat-modern-air-conditioner-installation.jpg\",\"contentUrl\":\"https:\\\/\\\/www.jagalcaide.com\\\/wp-content\\\/uploads\\\/2026\\\/09\\\/feat-modern-air-conditioner-installation.jpg\",\"width\":1080,\"height\":720,\"caption\":\"Instalaci\u00f3n de Aire Acondicionado en Les Corts, Barcelona: T\u00e9cnicos Autorizados | JAG Alcaide Barcelona\"},{\"@type\":\"BreadcrumbList\",\"@id\":\"https:\\\/\\\/www.jagalcaide.com\\\/en\\\/professional-air-conditioning-les-corts-barcelona\\\/#breadcrumb\",\"itemListElement\":[{\"@type\":\"ListItem\",\"position\":1,\"name\":\"Portada\",\"item\":\"https:\\\/\\\/www.jagalcaide.com\\\/en\\\/\"},{\"@type\":\"ListItem\",\"position\":2,\"name\":\"Professional Air Conditioning Installation in Les Corts, Barcelona\"}]},{\"@type\":\"WebSite\",\"@id\":\"https:\\\/\\\/www.jagalcaide.com\\\/en\\\/#website\",\"url\":\"https:\\\/\\\/www.jagalcaide.com\\\/en\\\/\",\"name\":\"JAG Alcaide - Instalaci\u00f3n y reparaci\u00f3n de Aire Acondicionado y Calderas\",\"description\":\"Instalaci\u00f3n y reparaci\u00f3n de aire acondicionado y calderas en Barcelona\",\"publisher\":{\"@id\":\"https:\\\/\\\/www.jagalcaide.com\\\/en\\\/#organization\"},\"potentialAction\":[{\"@type\":\"SearchAction\",\"target\":{\"@type\":\"EntryPoint\",\"urlTemplate\":\"https:\\\/\\\/www.jagalcaide.com\\\/en\\\/?s={search_term_string}\"},\"query-input\":{\"@type\":\"PropertyValueSpecification\",\"valueRequired\":true,\"valueName\":\"search_term_string\"}}],\"inLanguage\":\"en-US\"},{\"@type\":\"Organization\",\"@id\":\"https:\\\/\\\/www.jagalcaide.com\\\/en\\\/#organization\",\"name\":\"JAG Alcaide\",\"url\":\"https:\\\/\\\/www.jagalcaide.com\\\/en\\\/\",\"logo\":{\"@type\":\"ImageObject\",\"inLanguage\":\"en-US\",\"@id\":\"https:\\\/\\\/www.jagalcaide.com\\\/en\\\/#\\\/schema\\\/logo\\\/image\\\/\",\"url\":\"https:\\\/\\\/www.jagalcaide.com\\\/wp-content\\\/uploads\\\/2023\\\/05\\\/logo-alcaide-gran.jpg\",\"contentUrl\":\"https:\\\/\\\/www.jagalcaide.com\\\/wp-content\\\/uploads\\\/2023\\\/05\\\/logo-alcaide-gran.jpg\",\"width\":696,\"height\":696,\"caption\":\"JAG Alcaide\"},\"image\":{\"@id\":\"https:\\\/\\\/www.jagalcaide.com\\\/en\\\/#\\\/schema\\\/logo\\\/image\\\/\"},\"sameAs\":[\"https:\\\/\\\/x.com\\\/JAGAlcaideSL\",\"https:\\\/\\\/www.instagram.com\\\/jagalcaide\\\/\",\"https:\\\/\\\/www.linkedin.com\\\/company\\\/j-a-g-alcaide-s-l-\"]},{\"@type\":\"Person\",\"@id\":\"https:\\\/\\\/www.jagalcaide.com\\\/en\\\/#\\\/schema\\\/person\\\/eb81be1e846acf54a79015d674979fa4\",\"name\":\"Raul Velazquez\",\"image\":{\"@type\":\"ImageObject\",\"inLanguage\":\"en-US\",\"@id\":\"https:\\\/\\\/secure.gravatar.com\\\/avatar\\\/c1d39a6d7db56fa657e68f0e097b306e3d77c1abf633faa532a3c5ac95db701b?s=96&d=mm&r=g\",\"url\":\"https:\\\/\\\/secure.gravatar.com\\\/avatar\\\/c1d39a6d7db56fa657e68f0e097b306e3d77c1abf633faa532a3c5ac95db701b?s=96&d=mm&r=g\",\"contentUrl\":\"https:\\\/\\\/secure.gravatar.com\\\/avatar\\\/c1d39a6d7db56fa657e68f0e097b306e3d77c1abf633faa532a3c5ac95db701b?s=96&d=mm&r=g\",\"caption\":\"Raul Velazquez\"},\"url\":\"https:\\\/\\\/www.jagalcaide.com\\\/en\\\/author\\\/raul\\\/\"}]}<\/script>\n<!-- \/ Yoast SEO plugin. -->","yoast_head_json":{"title":"Professional Air Conditioning Les Corts | JAG Alcaide","description":"Need professional air conditioning in Les Corts, Barcelona? JAG Alcaide offers expert HVAC installation, repairs, and maintenance. Get a free quote today!","robots":{"index":"index","follow":"follow","max-snippet":"max-snippet:-1","max-image-preview":"max-image-preview:large","max-video-preview":"max-video-preview:-1"},"canonical":"https:\/\/www.jagalcaide.com\/en\/professional-air-conditioning-les-corts-barcelona\/","og_locale":"en_US","og_type":"article","og_title":"Professional Air Conditioning Les Corts | JAG Alcaide","og_description":"Need professional air conditioning in Les Corts, Barcelona? JAG Alcaide offers expert HVAC installation, repairs, and maintenance. Get a free quote today!","og_url":"https:\/\/www.jagalcaide.com\/en\/professional-air-conditioning-les-corts-barcelona\/","og_site_name":"JAG Alcaide \u2013 Instalaci\u00f3n, reparaci\u00f3n y mantenimiento en Barcelona","article_published_time":"2026-09-04T09:08:35+00:00","article_modified_time":"2026-09-04T09:08:38+00:00","og_image":[{"width":1080,"height":720,"url":"https:\/\/www.jagalcaide.com\/wp-content\/uploads\/2026\/09\/feat-modern-air-conditioner-installation.jpg","type":"image\/jpeg"}],"author":"Raul Velazquez","twitter_card":"summary_large_image","twitter_creator":"@JAGAlcaideSL","twitter_site":"@JAGAlcaideSL","twitter_misc":{"Written by":"Raul Velazquez","Est. reading time":"9 minutes"},"schema":{"@context":"https:\/\/schema.org","@graph":[{"@type":"Article","@id":"https:\/\/www.jagalcaide.com\/en\/professional-air-conditioning-les-corts-barcelona\/#article","isPartOf":{"@id":"https:\/\/www.jagalcaide.com\/en\/professional-air-conditioning-les-corts-barcelona\/"},"author":{"name":"Raul Velazquez","@id":"https:\/\/www.jagalcaide.com\/en\/#\/schema\/person\/eb81be1e846acf54a79015d674979fa4"},"headline":"Professional Air Conditioning Installation in Les Corts, Barcelona","datePublished":"2026-09-04T09:08:35+00:00","dateModified":"2026-09-04T09:08:38+00:00","mainEntityOfPage":{"@id":"https:\/\/www.jagalcaide.com\/en\/professional-air-conditioning-les-corts-barcelona\/"},"wordCount":1777,"publisher":{"@id":"https:\/\/www.jagalcaide.com\/en\/#organization"},"image":{"@id":"https:\/\/www.jagalcaide.com\/en\/professional-air-conditioning-les-corts-barcelona\/#primaryimage"},"thumbnailUrl":"https:\/\/www.jagalcaide.com\/wp-content\/uploads\/2026\/09\/feat-modern-air-conditioner-installation.jpg","articleSection":["Aire acondicionado"],"inLanguage":"en-US"},{"@type":"WebPage","@id":"https:\/\/www.jagalcaide.com\/en\/professional-air-conditioning-les-corts-barcelona\/","url":"https:\/\/www.jagalcaide.com\/en\/professional-air-conditioning-les-corts-barcelona\/","name":"Professional Air Conditioning Les Corts | JAG Alcaide","isPartOf":{"@id":"https:\/\/www.jagalcaide.com\/en\/#website"},"primaryImageOfPage":{"@id":"https:\/\/www.jagalcaide.com\/en\/professional-air-conditioning-les-corts-barcelona\/#primaryimage"},"image":{"@id":"https:\/\/www.jagalcaide.com\/en\/professional-air-conditioning-les-corts-barcelona\/#primaryimage"},"thumbnailUrl":"https:\/\/www.jagalcaide.com\/wp-content\/uploads\/2026\/09\/feat-modern-air-conditioner-installation.jpg","datePublished":"2026-09-04T09:08:35+00:00","dateModified":"2026-09-04T09:08:38+00:00","description":"Need professional air conditioning in Les Corts, Barcelona? JAG Alcaide offers expert HVAC installation, repairs, and maintenance. Get a free quote today!","breadcrumb":{"@id":"https:\/\/www.jagalcaide.com\/en\/professional-air-conditioning-les-corts-barcelona\/#breadcrumb"},"inLanguage":"en-US","potentialAction":[{"@type":"ReadAction","target":["https:\/\/www.jagalcaide.com\/en\/professional-air-conditioning-les-corts-barcelona\/"]}]},{"@type":"ImageObject","inLanguage":"en-US","@id":"https:\/\/www.jagalcaide.com\/en\/professional-air-conditioning-les-corts-barcelona\/#primaryimage","url":"https:\/\/www.jagalcaide.com\/wp-content\/uploads\/2026\/09\/feat-modern-air-conditioner-installation.jpg","contentUrl":"https:\/\/www.jagalcaide.com\/wp-content\/uploads\/2026\/09\/feat-modern-air-conditioner-installation.jpg","width":1080,"height":720,"caption":"Instalaci\u00f3n de Aire Acondicionado en Les Corts, Barcelona: T\u00e9cnicos Autorizados | JAG Alcaide Barcelona"},{"@type":"BreadcrumbList","@id":"https:\/\/www.jagalcaide.com\/en\/professional-air-conditioning-les-corts-barcelona\/#breadcrumb","itemListElement":[{"@type":"ListItem","position":1,"name":"Portada","item":"https:\/\/www.jagalcaide.com\/en\/"},{"@type":"ListItem","position":2,"name":"Professional Air Conditioning Installation in Les Corts, Barcelona"}]},{"@type":"WebSite","@id":"https:\/\/www.jagalcaide.com\/en\/#website","url":"https:\/\/www.jagalcaide.com\/en\/","name":"JAG Alcaide - Instalaci\u00f3n y reparaci\u00f3n de Aire Acondicionado y Calderas","description":"Instalaci\u00f3n y reparaci\u00f3n de aire acondicionado y calderas en Barcelona","publisher":{"@id":"https:\/\/www.jagalcaide.com\/en\/#organization"},"potentialAction":[{"@type":"SearchAction","target":{"@type":"EntryPoint","urlTemplate":"https:\/\/www.jagalcaide.com\/en\/?s={search_term_string}"},"query-input":{"@type":"PropertyValueSpecification","valueRequired":true,"valueName":"search_term_string"}}],"inLanguage":"en-US"},{"@type":"Organization","@id":"https:\/\/www.jagalcaide.com\/en\/#organization","name":"JAG Alcaide","url":"https:\/\/www.jagalcaide.com\/en\/","logo":{"@type":"ImageObject","inLanguage":"en-US","@id":"https:\/\/www.jagalcaide.com\/en\/#\/schema\/logo\/image\/","url":"https:\/\/www.jagalcaide.com\/wp-content\/uploads\/2023\/05\/logo-alcaide-gran.jpg","contentUrl":"https:\/\/www.jagalcaide.com\/wp-content\/uploads\/2023\/05\/logo-alcaide-gran.jpg","width":696,"height":696,"caption":"JAG Alcaide"},"image":{"@id":"https:\/\/www.jagalcaide.com\/en\/#\/schema\/logo\/image\/"},"sameAs":["https:\/\/x.com\/JAGAlcaideSL","https:\/\/www.instagram.com\/jagalcaide\/","https:\/\/www.linkedin.com\/company\/j-a-g-alcaide-s-l-"]},{"@type":"Person","@id":"https:\/\/www.jagalcaide.com\/en\/#\/schema\/person\/eb81be1e846acf54a79015d674979fa4","name":"Raul Velazquez","image":{"@type":"ImageObject","inLanguage":"en-US","@id":"https:\/\/secure.gravatar.com\/avatar\/c1d39a6d7db56fa657e68f0e097b306e3d77c1abf633faa532a3c5ac95db701b?s=96&d=mm&r=g","url":"https:\/\/secure.gravatar.com\/avatar\/c1d39a6d7db56fa657e68f0e097b306e3d77c1abf633faa532a3c5ac95db701b?s=96&d=mm&r=g","contentUrl":"https:\/\/secure.gravatar.com\/avatar\/c1d39a6d7db56fa657e68f0e097b306e3d77c1abf633faa532a3c5ac95db701b?s=96&d=mm&r=g","caption":"Raul Velazquez"},"url":"https:\/\/www.jagalcaide.com\/en\/author\/raul\/"}]}},"wpml_current_locale":"en_US","wpml_translations":{"es_ES":{"locale":"es_ES","id":7880,"slug":"aire-acondicionado-les-corts-profesional","post_title":"Instalaci\u00f3n de Aire Acondicionado en Les Corts, Barcelona: T\u00e9cnicos Autorizados","href":"https:\/\/www.jagalcaide.com\/aire-acondicionado-les-corts-profesional\/"}},"_links":{"self":[{"href":"https:\/\/www.jagalcaide.com\/en\/wp-json\/wp\/v2\/posts\/7884","targetHints":{"allow":["GET"]}}],"collection":[{"href":"https:\/\/www.jagalcaide.com\/en\/wp-json\/wp\/v2\/posts"}],"about":[{"href":"https:\/\/www.jagalcaide.com\/en\/wp-json\/wp\/v2\/types\/post"}],"author":[{"embeddable":true,"href":"https:\/\/www.jagalcaide.com\/en\/wp-json\/wp\/v2\/users\/25"}],"replies":[{"embeddable":true,"href":"https:\/\/www.jagalcaide.com\/en\/wp-json\/wp\/v2\/comments?post=7884"}],"version-history":[{"count":1,"href":"https:\/\/www.jagalcaide.com\/en\/wp-json\/wp\/v2\/posts\/7884\/revisions"}],"predecessor-version":[{"id":7885,"href":"https:\/\/www.jagalcaide.com\/en\/wp-json\/wp\/v2\/posts\/7884\/revisions\/7885"}],"wp:featuredmedia":[{"embeddable":true,"href":"https:\/\/www.jagalcaide.com\/en\/wp-json\/wp\/v2\/media\/7877"}],"wp:attachment":[{"href":"https:\/\/www.jagalcaide.com\/en\/wp-json\/wp\/v2\/media?parent=7884"}],"wp:term":[{"taxonomy":"category","embeddable":true,"href":"https:\/\/www.jagalcaide.com\/en\/wp-json\/wp\/v2\/categories?post=7884"},{"taxonomy":"post_tag","embeddable":true,"href":"https:\/\/www.jagalcaide.com\/en\/wp-json\/wp\/v2\/tags?post=7884"}],"curies":[{"name":"wp","href":"https:\/\/api.w.org\/{rel}","templated":true}]}}